{"id":1743,"date":"2025-10-20T07:25:36","date_gmt":"2025-10-20T05:25:36","guid":{"rendered":"https:\/\/kariera.spsbv.cz\/?p=1743"},"modified":"2025-10-20T07:26:04","modified_gmt":"2025-10-20T05:26:04","slug":"1743","status":"publish","type":"post","link":"https:\/\/kariera.spsbv.cz\/index.php\/2025\/10\/20\/1743\/","title":{"rendered":"Pozv\u00e1nka \u2013 online kurzy FSS MU: V\u00fdzvy v praxi soci\u00e1ln\u00ed pr\u00e1ce a Person\u00e1ln\u00ed rozvoj a zam\u011bstnanost"},"content":{"rendered":"<div><b data-olk-copy-source=\"MessageBody\">V\u00e1\u017een\u00ed,<\/b><\/div>\n<div><\/div>\n<div>nab\u00edz\u00edme V\u00e1m\u00a0 <b>podzimn\u00ed online \u0161kolu Katedry soci\u00e1ln\u00ed politiky a soci\u00e1ln\u00ed pr\u00e1ce Fakulty soci\u00e1ln\u00edch studi\u00ed Masarykovy univerzity<\/b>, kter\u00e9 st\u0159edo\u0161kol\u00e1k\u016fm umo\u017e\u0148uj\u00ed nahl\u00e9dnout do praxe i \u017eivota univerzitn\u00edch student\u016f.<\/div>\n<div>Letos nab\u00edz\u00ed hned <b>dva online kurzy<\/b>, kde st\u0159edo\u0161kol\u00e1ci budou studovat <b>spole\u010dn\u011b se sou\u010dasn\u00fdmi studenty FSS MU<\/b>. Z\u00edsk\u00e1te tak autentick\u00fd vhled do vysoko\u0161kolsk\u00e9ho prost\u0159ed\u00ed i inspiraci pro sv\u00e9 budouc\u00ed studium.<\/div>\n<hr \/>\n<div><b>\ud83d\udc65 Podzimn\u00ed \u0161kola\u00a0<i>V\u00fdzvy v praxi soci\u00e1ln\u00ed pr\u00e1ce: Cesty k porozum\u011bn\u00ed<\/i><\/b><\/div>\n<div>Kurz je ur\u010den v\u0161em, kter\u00e9 zaj\u00edm\u00e1, jak soci\u00e1ln\u00ed pracovn\u00edci pom\u00e1haj\u00ed lidem v n\u00e1ro\u010dn\u00fdch \u017eivotn\u00edch situac\u00edch, jak funguj\u00ed soci\u00e1ln\u00ed slu\u017eby nebo jak\u00e1 t\u00e9mata dnes h\u00fdbou sv\u011btem pom\u00e1haj\u00edc\u00edch profes\u00ed.<\/div>\n<div>Absolventi Katedry soci\u00e1ln\u00ed politiky a soci\u00e1ln\u00ed pr\u00e1ce FSS MU se s \u00fa\u010dastn\u00edky pod\u011bl\u00ed o sv\u00e9 zku\u0161enosti z praxe a nab\u00eddnou inspiraci z re\u00e1ln\u00fdch p\u0159\u00edb\u011bh\u016f a p\u0159\u00edpad\u016f.<\/div>\n<div>\ud83d\udcc5\u00a0<b>Term\u00edn:<\/b>\u00a021. \u0159\u00edjna \u2013 2. prosince 2025<br \/>\n\ud83d\udd53\u00a0<b>Kdy:<\/b>\u00a0v\u017edy v \u00fater\u00fd\u00a0<b>16:00\u201317:00<\/b>, online<br \/>\n\ud83d\udcdd\u00a0<b>Registrace zdarma:<\/b>\u00a0<a id=\"OWA0ba45143-c522-ec6a-0b8e-4b6b93c0883b\" class=\"x_x_decorated-link x_x_OWAAutoLink\" title=\"https:\/\/is.muni.cz\/ekurzy\/Ksps_soc25\" href=\"https:\/\/is.muni.cz\/ekurzy\/Ksps_soc25\" target=\"_blank\" rel=\"noopener noreferrer\" data-end=\"1546\" data-start=\"1470\" data-auth=\"NotApplicable\" data-linkindex=\"3\">https:\/\/is.muni.cz\/ekurzy\/Ksps_soc25<\/a><\/div>\n<hr \/>\n<div><b>\ud83d\udcbc Podzimn\u00ed \u0161kola\u00a0<i>Person\u00e1ln\u00ed rozvoj a zam\u011bstnanost: aktu\u00e1ln\u00ed t\u00e9mata z praxe<\/i><\/b><\/div>\n<div>Kurz nab\u00edz\u00ed pohled do sv\u011bta pr\u00e1ce s lidmi \u2013 jak firmy rozv\u00edjej\u00ed sv\u00e9 zam\u011bstnance, jak za\u010d\u00edt kari\u00e9ru v HR nebo pro\u010d je zp\u011btn\u00e1 vazba kl\u00ed\u010dem k profesn\u00edmu r\u016fstu.<\/div>\n<div>Absolventi p\u016fsob\u00edc\u00ed nap\u0159\u00edklad ve firm\u00e1ch <i>ABB, Air Bank, Kentico<\/i>\u00a0\u010di\u00a0<i>Mercury International<\/i>\u00a0p\u0159edstav\u00ed aktu\u00e1ln\u00ed trendy i praktick\u00e9 zku\u0161enosti z person\u00e1ln\u00edho a organiza\u010dn\u00edho rozvoje.<\/div>\n<div>\ud83d\udcc5\u00a0<b>Term\u00edn:<\/b>\u00a021. \u0159\u00edjna \u2013 2. prosince 2025<br \/>\n\ud83d\udd54\u00a0<b>Kdy:<\/b>\u00a0v\u017edy v \u00fater\u00fd\u00a0<b>17:00\u201318:00<\/b>, online<br \/>\n\ud83d\udcdd\u00a0<b>Registrace zdarma:<\/b>\u00a0<a id=\"OWA348e56e4-4639-c40a-3879-fda97ea18d74\" class=\"x_x_decorated-link x_x_OWAAutoLink\" title=\"https:\/\/is.muni.cz\/ekurzy\/Ksps_per25\" href=\"https:\/\/is.muni.cz\/ekurzy\/Ksps_per25\" target=\"_blank\" rel=\"noopener noreferrer\" data-end=\"2188\" data-start=\"2112\" data-auth=\"NotApplicable\" data-linkindex=\"4\">https:\/\/is.muni.cz\/ekurzy\/Ksps_per25<\/a><\/div>\n<hr \/>\n<div>Ob\u011b podzimn\u00ed \u0161koly jsou\u00a0<b>otev\u0159en\u00e9 v\u0161em st\u0159edo\u0161kol\u00e1k\u016fm<\/b>\u00a0\u2013 studenti se mohou p\u0159ihl\u00e1sit na cel\u00fd kurz, nebo si vybrat jen ta setk\u00e1n\u00ed, kter\u00e1 je tematicky zaj\u00edmaj\u00ed.<br \/>\nZ\u00e1znamy v\u0161ech lekc\u00ed budou n\u00e1sledn\u011b dostupn\u00e9 v interaktivn\u00ed osnov\u011b.<\/div>\n<hr \/>\n<div>V\u00edce informac\u00ed na:<\/div>\n<div><b>T\u00fdm Katedry soci\u00e1ln\u00ed politiky a soci\u00e1ln\u00ed pr\u00e1ce<\/b><br \/>\nFakulta soci\u00e1ln\u00edch studi\u00ed Masarykovy univerzity<br \/>\n\ud83d\udce7 [143806@mail.muni.cz]<br \/>\n\ud83c\udf10\u00a0<a id=\"OWA2d9c8082-a216-bf44-91a8-7041559f628d\" class=\"x_x_decorated-link x_x_OWAAutoLink\" title=\"https:\/\/www.fss.muni.cz\" href=\"https:\/\/www.fss.muni.cz\/\" target=\"_blank\" rel=\"noopener noreferrer\" data-end=\"2962\" data-start=\"2920\" data-auth=\"NotApplicable\" data-linkindex=\"5\">www.fss.muni.cz<\/a><\/div>\n","protected":false},"excerpt":{"rendered":"<p>V\u00e1\u017een\u00ed, nab\u00edz\u00edme V\u00e1m\u00a0 podzimn\u00ed online \u0161kolu Katedry soci\u00e1ln\u00ed politiky a soci\u00e1ln\u00ed pr\u00e1ce Fakulty soci\u00e1ln\u00edch studi\u00ed Masarykovy univerzity, kter\u00e9 st\u0159edo\u0161kol\u00e1k\u016fm umo\u017e\u0148uj\u00ed nahl\u00e9dnout do praxe i \u017eivota univerzitn\u00edch student\u016f. Letos nab\u00edz\u00ed hned dva online kurzy, kde st\u0159edo\u0161kol\u00e1ci budou studovat spole\u010dn\u011b se sou\u010dasn\u00fdmi &hellip; <a href=\"https:\/\/kariera.spsbv.cz\/index.php\/2025\/10\/20\/1743\/\">Cel\u00fd p\u0159\u00edsp\u011bvek <span class=\"meta-nav\">&rarr;<\/span><\/a><\/p>\n","protected":false},"author":1,"featured_media":0,"comment_status":"open","ping_status":"open","sticky":false,"template":"","format":"standard","meta":{"footnotes":""},"categories":[1],"tags":[],"class_list":["post-1743","post","type-post","status-publish","format-standard","hentry","category-nezarazene"],"_links":{"self":[{"href":"https:\/\/kariera.spsbv.cz\/index.php\/wp-json\/wp\/v2\/posts\/1743"}],"collection":[{"href":"https:\/\/kariera.spsbv.cz\/index.php\/wp-json\/wp\/v2\/posts"}],"about":[{"href":"https:\/\/kariera.spsbv.cz\/index.php\/wp-json\/wp\/v2\/types\/post"}],"author":[{"embeddable":true,"href":"https:\/\/kariera.spsbv.cz\/index.php\/wp-json\/wp\/v2\/users\/1"}],"replies":[{"embeddable":true,"href":"https:\/\/kariera.spsbv.cz\/index.php\/wp-json\/wp\/v2\/comments?post=1743"}],"version-history":[{"count":2,"href":"https:\/\/kariera.spsbv.cz\/index.php\/wp-json\/wp\/v2\/posts\/1743\/revisions"}],"predecessor-version":[{"id":1745,"href":"https:\/\/kariera.spsbv.cz\/index.php\/wp-json\/wp\/v2\/posts\/1743\/revisions\/1745"}],"wp:attachment":[{"href":"https:\/\/kariera.spsbv.cz\/index.php\/wp-json\/wp\/v2\/media?parent=1743"}],"wp:term":[{"taxonomy":"category","embeddable":true,"href":"https:\/\/kariera.spsbv.cz\/index.php\/wp-json\/wp\/v2\/categories?post=1743"},{"taxonomy":"post_tag","embeddable":true,"href":"https:\/\/kariera.spsbv.cz\/index.php\/wp-json\/wp\/v2\/tags?post=1743"}],"curies":[{"name":"wp","href":"https:\/\/api.w.org\/{rel}","templated":true}]}}