{"id":1603,"date":"2024-11-04T07:10:30","date_gmt":"2024-11-04T06:10:30","guid":{"rendered":"https:\/\/kariera.spsbv.cz\/?p=1603"},"modified":"2024-11-04T07:10:30","modified_gmt":"2024-11-04T06:10:30","slug":"dny-otevrenych-dveri-fekt-vut-v-brne-pozvanka-na-29-11-2024-17-1-2025-a-14-2-2025","status":"publish","type":"post","link":"https:\/\/kariera.spsbv.cz\/index.php\/2024\/11\/04\/dny-otevrenych-dveri-fekt-vut-v-brne-pozvanka-na-29-11-2024-17-1-2025-a-14-2-2025\/","title":{"rendered":"Dny otev\u0159en\u00fdch dve\u0159\u00ed FEKT VUT v Brn\u011b &#8211; pozv\u00e1nka na 29. 11. 2024, 17. 1. 2025 a 14. 2. 2025"},"content":{"rendered":"<p>V\u00e1\u017een\u00ed,<\/p>\n<p>zveme V\u00e1s na Dny otev\u0159en\u00fdch dve\u0159\u00ed, kter\u00e9 fakulta tradi\u010dn\u011b po\u0159\u00e1d\u00e1 pro studenty, zejm\u00e9na maturitn\u00edch ro\u010dn\u00edk\u016f gymn\u00e1zi\u00ed a st\u0159edn\u00edch \u0161kol.<br \/>\nTerm\u00edny kon\u00e1n\u00ed:<\/p>\n<p><strong>29. 11. 2024, 9:00 hodin, Technick\u00e1 12, Brno<\/strong><br \/>\n<strong>17. 1. 2025, 9:00 hodin, Technick\u00e1 12, Brno<\/strong><br \/>\n<strong>14. 2. 2025, 9:00 hodin, Technick\u00e1 12, Brno<\/strong><\/p>\n<p>V odkazu n\u00ed\u017ee naleznete informa\u010dn\u00ed let\u00e1k a bro\u017eurku s nab\u00eddkou studijn\u00edch program\u016f.<br \/>\nLink zde: <a class=\"x_x_moz-txt-link-freetext\" title=\"https:\/\/drive.google.com\/drive\/folders\/1oW3WGkO1EriY6MsThvTc8JnqY2kAIWIj?usp=sharing\" href=\"https:\/\/drive.google.com\/drive\/folders\/1oW3WGkO1EriY6MsThvTc8JnqY2kAIWIj?usp=sharing\" target=\"_blank\" rel=\"noopener noreferrer\" data-auth=\"NotApplicable\" data-linkindex=\"3\">https:\/\/drive.google.com\/drive\/folders\/1oW3WGkO1EriY6MsThvTc8JnqY2kAIWIj?usp=sharing<\/a><\/p>\n<p>Na FEKT VUT v Brn\u011b po\u0159\u00e1daj\u00ed \u0159adu aktivit a sout\u011b\u017e\u00ed pro studenty st\u0159edn\u00edch \u0161kol.<\/p>\n<p>V are\u00e1lu modern\u00edho univerzitn\u00edho kampusu V\u00e1s r\u00e1di provedou nap\u0159\u00edklad <a title=\"https:\/\/www.utko.fekt.vut.cz\/vyukove-laboratore\" href=\"https:\/\/www.utko.fekt.vut.cz\/vyukove-laboratore\" target=\"_blank\" rel=\"noopener noreferrer\" data-auth=\"NotApplicable\" data-linkindex=\"4\">laborato\u0159\u00ed s\u00edt\u00ed 5G+<\/a>,\u00a0<a title=\"https:\/\/www.urel.fekt.vut.cz\/vyukove-laboratore\" href=\"https:\/\/www.urel.fekt.vut.cz\/vyukove-laboratore\" target=\"_blank\" rel=\"noopener noreferrer\" data-auth=\"NotApplicable\" data-linkindex=\"5\">laborato\u0159\u00ed sm\u011brov\u00fdch a dru\u017eicov\u00fdch spoj\u016f<\/a>,\u00a0<a title=\"https:\/\/www.uete.fekt.vut.cz\/vyukove-laboratore-ustavu-elektrotechnologie\" href=\"https:\/\/www.uete.fekt.vut.cz\/vyukove-laboratore-ustavu-elektrotechnologie\" target=\"_blank\" rel=\"noopener noreferrer\" data-auth=\"NotApplicable\" data-linkindex=\"6\">laborato\u0159\u00ed obnoviteln\u00fdch zdroj\u016f energie<\/a>\u00a0nebo\u00a0<a title=\"https:\/\/www.ueen.fekt.vut.cz\/vyukove-laboratore\" href=\"https:\/\/www.ueen.fekt.vut.cz\/vyukove-laboratore\" target=\"_blank\" rel=\"noopener noreferrer\" data-auth=\"NotApplicable\" data-linkindex=\"7\">laborato\u0159\u00ed velmi vysok\u00fdch nap\u011bt\u00ed<\/a>.<\/p>\n<p>Jsou nejv\u011bt\u0161\u00ed elektrotechnick\u00e1 fakulta v \u010cesk\u00e9 republice. Jejich absolventi jsou vysoce cen\u011bni a maj\u00ed stoprocentn\u00ed jistotu uplatn\u011bn\u00ed na trhu pr\u00e1ce.<\/p>\n","protected":false},"excerpt":{"rendered":"<p>V\u00e1\u017een\u00ed, zveme V\u00e1s na Dny otev\u0159en\u00fdch dve\u0159\u00ed, kter\u00e9 fakulta tradi\u010dn\u011b po\u0159\u00e1d\u00e1 pro studenty, zejm\u00e9na maturitn\u00edch ro\u010dn\u00edk\u016f gymn\u00e1zi\u00ed a st\u0159edn\u00edch \u0161kol. Term\u00edny kon\u00e1n\u00ed: 29. 11. 2024, 9:00 hodin, Technick\u00e1 12, Brno 17. 1. 2025, 9:00 hodin, Technick\u00e1 12, Brno 14. 2. &hellip; <a href=\"https:\/\/kariera.spsbv.cz\/index.php\/2024\/11\/04\/dny-otevrenych-dveri-fekt-vut-v-brne-pozvanka-na-29-11-2024-17-1-2025-a-14-2-2025\/\">Cel\u00fd p\u0159\u00edsp\u011bvek <span class=\"meta-nav\">&rarr;<\/span><\/a><\/p>\n","protected":false},"author":1,"featured_media":0,"comment_status":"open","ping_status":"open","sticky":false,"template":"","format":"standard","meta":{"footnotes":""},"categories":[1],"tags":[],"class_list":["post-1603","post","type-post","status-publish","format-standard","hentry","category-nezarazene"],"_links":{"self":[{"href":"https:\/\/kariera.spsbv.cz\/index.php\/wp-json\/wp\/v2\/posts\/1603"}],"collection":[{"href":"https:\/\/kariera.spsbv.cz\/index.php\/wp-json\/wp\/v2\/posts"}],"about":[{"href":"https:\/\/kariera.spsbv.cz\/index.php\/wp-json\/wp\/v2\/types\/post"}],"author":[{"embeddable":true,"href":"https:\/\/kariera.spsbv.cz\/index.php\/wp-json\/wp\/v2\/users\/1"}],"replies":[{"embeddable":true,"href":"https:\/\/kariera.spsbv.cz\/index.php\/wp-json\/wp\/v2\/comments?post=1603"}],"version-history":[{"count":1,"href":"https:\/\/kariera.spsbv.cz\/index.php\/wp-json\/wp\/v2\/posts\/1603\/revisions"}],"predecessor-version":[{"id":1604,"href":"https:\/\/kariera.spsbv.cz\/index.php\/wp-json\/wp\/v2\/posts\/1603\/revisions\/1604"}],"wp:attachment":[{"href":"https:\/\/kariera.spsbv.cz\/index.php\/wp-json\/wp\/v2\/media?parent=1603"}],"wp:term":[{"taxonomy":"category","embeddable":true,"href":"https:\/\/kariera.spsbv.cz\/index.php\/wp-json\/wp\/v2\/categories?post=1603"},{"taxonomy":"post_tag","embeddable":true,"href":"https:\/\/kariera.spsbv.cz\/index.php\/wp-json\/wp\/v2\/tags?post=1603"}],"curies":[{"name":"wp","href":"https:\/\/api.w.org\/{rel}","templated":true}]}}