{"id":1601,"date":"2024-10-31T10:04:44","date_gmt":"2024-10-31T09:04:44","guid":{"rendered":"https:\/\/kariera.spsbv.cz\/?p=1601"},"modified":"2024-10-31T10:04:44","modified_gmt":"2024-10-31T09:04:44","slug":"dod-czu-praha-provozne-ekonomicka-fakulta","status":"publish","type":"post","link":"https:\/\/kariera.spsbv.cz\/index.php\/2024\/10\/31\/dod-czu-praha-provozne-ekonomicka-fakulta\/","title":{"rendered":"DOD \u010cZU Praha &#8211; provozn\u011b ekonomick\u00e1 fakulta"},"content":{"rendered":"<p>V\u00e1\u017een\u00ed,<\/p>\n<p>zveme V\u00e1s na Den otev\u0159en\u00fdch dve\u0159\u00ed na Provozn\u011b ekonomick\u00e9 fakult\u011b \u010cesk\u00e9 zem\u011bd\u011blsk\u00e9 univerzity v Praze, kter\u00fd se kon\u00e1 <strong>8. listopadu 2024<\/strong>.<\/p>\n<p>Jedn\u00e1 se o\u00a0 o studium ekonomie, managementu, informatiky \u010di dal\u0161\u00edch obor\u016f, kter\u00e9 na fakult\u011b nab\u00edz\u00ed.<\/p>\n<h2 data-olk-copy-source=\"MessageBody\">Kdy a kde?<\/h2>\n<p><em>8. listopadu 9-15 hod<\/em><\/p>\n<p>\u010cesk\u00e1 zem\u011bd\u011blsk\u00e1 univerzita v Praze<\/p>\n<p><span class=\"x_x_ml-rte-link-wrapper\"><a href=\"https:\/\/noreply.pef.czu.cz\/td\/cl\/eyJ2Ijoie1wiYVwiOjQ5ODkzOSxcImxcIjoxMzY2OTAzMTAwODIyMDEyNTUsXCJyXCI6MTM2NjkwMzIxOTQ3ODg2Nzk4fSIsInMiOiJhZDRlMGRiZGU5NzI2ODVlIn0\" target=\"_blank\" rel=\"noopener noreferrer\" data-link-id=\"136690310082201255\" data-auth=\"NotApplicable\" data-linkindex=\"4\">Kam\u00fdck\u00e1 129, 165 00 Praha &#8211; Suchdol<\/a><\/span><\/p>\n<p>Nezapome\u0148te se registrovat.<\/p>\n","protected":false},"excerpt":{"rendered":"<p>V\u00e1\u017een\u00ed, zveme V\u00e1s na Den otev\u0159en\u00fdch dve\u0159\u00ed na Provozn\u011b ekonomick\u00e9 fakult\u011b \u010cesk\u00e9 zem\u011bd\u011blsk\u00e9 univerzity v Praze, kter\u00fd se kon\u00e1 8. listopadu 2024. Jedn\u00e1 se o\u00a0 o studium ekonomie, managementu, informatiky \u010di dal\u0161\u00edch obor\u016f, kter\u00e9 na fakult\u011b nab\u00edz\u00ed. Kdy a kde? &hellip; <a href=\"https:\/\/kariera.spsbv.cz\/index.php\/2024\/10\/31\/dod-czu-praha-provozne-ekonomicka-fakulta\/\">Cel\u00fd p\u0159\u00edsp\u011bvek <span class=\"meta-nav\">&rarr;<\/span><\/a><\/p>\n","protected":false},"author":1,"featured_media":0,"comment_status":"open","ping_status":"open","sticky":false,"template":"","format":"standard","meta":{"footnotes":""},"categories":[1],"tags":[],"class_list":["post-1601","post","type-post","status-publish","format-standard","hentry","category-nezarazene"],"_links":{"self":[{"href":"https:\/\/kariera.spsbv.cz\/index.php\/wp-json\/wp\/v2\/posts\/1601"}],"collection":[{"href":"https:\/\/kariera.spsbv.cz\/index.php\/wp-json\/wp\/v2\/posts"}],"about":[{"href":"https:\/\/kariera.spsbv.cz\/index.php\/wp-json\/wp\/v2\/types\/post"}],"author":[{"embeddable":true,"href":"https:\/\/kariera.spsbv.cz\/index.php\/wp-json\/wp\/v2\/users\/1"}],"replies":[{"embeddable":true,"href":"https:\/\/kariera.spsbv.cz\/index.php\/wp-json\/wp\/v2\/comments?post=1601"}],"version-history":[{"count":1,"href":"https:\/\/kariera.spsbv.cz\/index.php\/wp-json\/wp\/v2\/posts\/1601\/revisions"}],"predecessor-version":[{"id":1602,"href":"https:\/\/kariera.spsbv.cz\/index.php\/wp-json\/wp\/v2\/posts\/1601\/revisions\/1602"}],"wp:attachment":[{"href":"https:\/\/kariera.spsbv.cz\/index.php\/wp-json\/wp\/v2\/media?parent=1601"}],"wp:term":[{"taxonomy":"category","embeddable":true,"href":"https:\/\/kariera.spsbv.cz\/index.php\/wp-json\/wp\/v2\/categories?post=1601"},{"taxonomy":"post_tag","embeddable":true,"href":"https:\/\/kariera.spsbv.cz\/index.php\/wp-json\/wp\/v2\/tags?post=1601"}],"curies":[{"name":"wp","href":"https:\/\/api.w.org\/{rel}","templated":true}]}}