{"id":135,"date":"2020-01-22T08:26:24","date_gmt":"2020-01-22T07:26:24","guid":{"rendered":"http:\/\/kariera.spsbv.cz\/?p=135"},"modified":"2020-01-22T08:27:00","modified_gmt":"2020-01-22T07:27:00","slug":"dopravni-fakulta-jana-pernera-pardubice-dod","status":"publish","type":"post","link":"https:\/\/kariera.spsbv.cz\/index.php\/2020\/01\/22\/dopravni-fakulta-jana-pernera-pardubice-dod\/","title":{"rendered":"Dopravn\u00ed fakulta Jana Pernera Pardubice &#8211; DOD"},"content":{"rendered":"<p>Den otev\u0159en\u00fdch dve\u0159\u00ed, kter\u00fd se kon\u00e1 <span style=\"color: #000080;\"><strong>29. ledna a 7. b\u0159ezna od 9:00.<\/strong><\/span> M\u00e1te mo\u017enost nav\u0161t\u00edvit laborato\u0159e, Dopravn\u00ed s\u00e1l, V\u00fdukov\u00e9 a v\u00fdzkumn\u00e9 centrum v doprav\u011b, projet se v bugin\u011b, prohl\u00e9dnout si kampus, popov\u00eddat si s u\u010diteli i studenty a zjistit v\u0161e pot\u0159ebn\u00e9 o studiu na fakult\u011b.<\/p>\n<p><!--more--><\/p>\n<p><img loading=\"lazy\" decoding=\"async\" class=\"alignnone size-medium wp-image-136\" src=\"http:\/\/kariera.spsbv.cz\/wp-content\/uploads\/2020\/01\/DFJP-plakat-DOD-2020-003-212x300.jpg\" alt=\"\" width=\"212\" height=\"300\" srcset=\"https:\/\/kariera.spsbv.cz\/wp-content\/uploads\/2020\/01\/DFJP-plakat-DOD-2020-003-212x300.jpg 212w, https:\/\/kariera.spsbv.cz\/wp-content\/uploads\/2020\/01\/DFJP-plakat-DOD-2020-003-768x1086.jpg 768w, https:\/\/kariera.spsbv.cz\/wp-content\/uploads\/2020\/01\/DFJP-plakat-DOD-2020-003-724x1024.jpg 724w\" sizes=\"(max-width: 212px) 100vw, 212px\" \/><\/p>\n<p><a href=\"http:\/\/kariera.spsbv.cz\/wp-content\/uploads\/2020\/01\/Program_dne_ofici\u00e1ln\u00ed.pdf\">Program_dne_ofici\u00e1ln\u00ed<\/a><\/p>\n<p>&nbsp;<\/p>\n<p>&nbsp;<\/p>\n<p>&nbsp;<\/p>\n","protected":false},"excerpt":{"rendered":"<p>Den otev\u0159en\u00fdch dve\u0159\u00ed, kter\u00fd se kon\u00e1 29. ledna a 7. b\u0159ezna od 9:00. M\u00e1te mo\u017enost nav\u0161t\u00edvit laborato\u0159e, Dopravn\u00ed s\u00e1l, V\u00fdukov\u00e9 a v\u00fdzkumn\u00e9 centrum v doprav\u011b, projet se v bugin\u011b, prohl\u00e9dnout si kampus, popov\u00eddat si s u\u010diteli i studenty a zjistit &hellip; <a href=\"https:\/\/kariera.spsbv.cz\/index.php\/2020\/01\/22\/dopravni-fakulta-jana-pernera-pardubice-dod\/\">Cel\u00fd p\u0159\u00edsp\u011bvek <span class=\"meta-nav\">&rarr;<\/span><\/a><\/p>\n","protected":false},"author":1,"featured_media":0,"comment_status":"open","ping_status":"open","sticky":false,"template":"","format":"standard","meta":{"footnotes":""},"categories":[5],"tags":[],"class_list":["post-135","post","type-post","status-publish","format-standard","hentry","category-ostatni"],"_links":{"self":[{"href":"https:\/\/kariera.spsbv.cz\/index.php\/wp-json\/wp\/v2\/posts\/135"}],"collection":[{"href":"https:\/\/kariera.spsbv.cz\/index.php\/wp-json\/wp\/v2\/posts"}],"about":[{"href":"https:\/\/kariera.spsbv.cz\/index.php\/wp-json\/wp\/v2\/types\/post"}],"author":[{"embeddable":true,"href":"https:\/\/kariera.spsbv.cz\/index.php\/wp-json\/wp\/v2\/users\/1"}],"replies":[{"embeddable":true,"href":"https:\/\/kariera.spsbv.cz\/index.php\/wp-json\/wp\/v2\/comments?post=135"}],"version-history":[{"count":3,"href":"https:\/\/kariera.spsbv.cz\/index.php\/wp-json\/wp\/v2\/posts\/135\/revisions"}],"predecessor-version":[{"id":141,"href":"https:\/\/kariera.spsbv.cz\/index.php\/wp-json\/wp\/v2\/posts\/135\/revisions\/141"}],"wp:attachment":[{"href":"https:\/\/kariera.spsbv.cz\/index.php\/wp-json\/wp\/v2\/media?parent=135"}],"wp:term":[{"taxonomy":"category","embeddable":true,"href":"https:\/\/kariera.spsbv.cz\/index.php\/wp-json\/wp\/v2\/categories?post=135"},{"taxonomy":"post_tag","embeddable":true,"href":"https:\/\/kariera.spsbv.cz\/index.php\/wp-json\/wp\/v2\/tags?post=135"}],"curies":[{"name":"wp","href":"https:\/\/api.w.org\/{rel}","templated":true}]}}